{"id":3413,"date":"2026-01-05T08:52:07","date_gmt":"2026-01-05T07:52:07","guid":{"rendered":"https:\/\/spr-renens.ch\/?p=3413"},"modified":"2026-01-28T17:10:30","modified_gmt":"2026-01-28T16:10:30","slug":"1-mars-2026-53eme-expo-bourse-a-renens","status":"publish","type":"post","link":"https:\/\/spr-renens.ch\/?p=3413","title":{"rendered":"1 mars 2026  53\u00e8me Expo-Bourse \u00e0 Renens \/ Vide-Grenier"},"content":{"rendered":"\t\t<div data-elementor-type=\"wp-post\" data-elementor-id=\"3413\" class=\"elementor elementor-3413\">\n\t\t\t\t\t\t<section class=\"elementor-section elementor-top-section elementor-element elementor-element-9c2644c elementor-section-full_width elementor-section-height-default elementor-section-height-default\" data-id=\"9c2644c\" data-element_type=\"section\" data-e-type=\"section\">\n\t\t\t\t\t\t<div class=\"elementor-container elementor-column-gap-default\">\n\t\t\t\t\t<div class=\"elementor-column elementor-col-100 elementor-top-column elementor-element elementor-element-5e96ac3\" data-id=\"5e96ac3\" data-element_type=\"column\" data-e-type=\"column\">\n\t\t\t<div class=\"elementor-widget-wrap elementor-element-populated\">\n\t\t\t\t\t\t<div class=\"elementor-element elementor-element-1e7377c elementor-widget elementor-widget-text-editor\" data-id=\"1e7377c\" data-element_type=\"widget\" data-e-type=\"widget\" data-widget_type=\"text-editor.default\">\n\t\t\t\t<div class=\"elementor-widget-container\">\n\t\t\t\t\t\t\t\t\t<p>Le <b>dimanche 1 mars 2026<\/b> a lieu notre 53\u00e8me Expo-Bourse \u00e0 Renens de 9h \u00e0 16h. En m\u00eame temps l&rsquo;\u00e9glise \u00e9vang\u00e9lique organise un Vide-Grenier.&nbsp; La soci\u00e9t\u00e9 invit\u00e9e et la SRC Soci\u00e9t\u00e9 Romande de Cartophilie. L&rsquo;exposition montre donc beaucoup de collections vari\u00e9es de cartes postales et des collections philat\u00e9liques.<\/p><p><br><\/p>\t\t\t\t\t\t\t\t<\/div>\n\t\t\t\t<\/div>\n\t\t\t\t<div class=\"elementor-element elementor-element-c372f96 elementor-widget elementor-widget-heading\" data-id=\"c372f96\" data-element_type=\"widget\" data-e-type=\"widget\" data-widget_type=\"heading.default\">\n\t\t\t\t<div class=\"elementor-widget-container\">\n\t\t\t\t\t<h2 class=\"elementor-heading-title elementor-size-default\">Flyer<\/h2>\t\t\t\t<\/div>\n\t\t\t\t<\/div>\n\t\t\t\t<div class=\"elementor-element elementor-element-5bbd3b9 elementor-widget elementor-widget-image\" data-id=\"5bbd3b9\" data-element_type=\"widget\" data-e-type=\"widget\" data-widget_type=\"image.default\">\n\t\t\t\t<div class=\"elementor-widget-container\">\n\t\t\t\t\t\t\t\t\t\t\t\t\t\t\t\t<a href=\"https:\/\/spr-renens.ch\/wp-content\/uploads\/flyer-bourse-1mars26-Projet1.jpeg\" data-elementor-open-lightbox=\"yes\" data-elementor-lightbox-title=\"flyer-bourse-1mars26-Projet1\" data-e-action-hash=\"#elementor-action%3Aaction%3Dlightbox%26settings%3DeyJpZCI6MzQxNSwidXJsIjoiaHR0cHM6XC9cL3Nwci1yZW5lbnMuY2hcL3dwLWNvbnRlbnRcL3VwbG9hZHNcL2ZseWVyLWJvdXJzZS0xbWFyczI2LVByb2pldDEuanBlZyJ9\">\n\t\t\t\t\t\t\t<img decoding=\"async\" src=\"https:\/\/spr-renens.ch\/wp-content\/uploads\/flyer-bourse-1mars26-Projet1.jpeg\" title=\"flyer-bourse-1mars26-Projet1\" alt=\"flyer-bourse-1mars26-Projet1\" loading=\"lazy\" \/>\t\t\t\t\t\t\t\t<\/a>\n\t\t\t\t\t\t\t\t\t\t\t\t\t\t\t<\/div>\n\t\t\t\t<\/div>\n\t\t\t\t<div class=\"elementor-element elementor-element-7da1418 elementor-widget elementor-widget-heading\" data-id=\"7da1418\" data-element_type=\"widget\" data-e-type=\"widget\" data-widget_type=\"heading.default\">\n\t\t\t\t<div class=\"elementor-widget-container\">\n\t\t\t\t\t<h2 class=\"elementor-heading-title elementor-size-default\">Google Maps<\/h2>\t\t\t\t<\/div>\n\t\t\t\t<\/div>\n\t\t\t\t<div class=\"elementor-element elementor-element-7cca5cb elementor-widget elementor-widget-google_maps\" data-id=\"7cca5cb\" data-element_type=\"widget\" data-e-type=\"widget\" data-widget_type=\"google_maps.default\">\n\t\t\t\t<div class=\"elementor-widget-container\">\n\t\t\t\t\t\t\t<div class=\"elementor-custom-embed\">\n\t\t\t<iframe loading=\"lazy\"\n\t\t\t\t\tsrc=\"https:\/\/maps.google.com\/maps?q=Renens%20Rue%20de%20Lausanne%2037&#038;t=m&#038;z=15&#038;output=embed&#038;iwloc=near\"\n\t\t\t\t\ttitle=\"Renens Rue de Lausanne 37\"\n\t\t\t\t\taria-label=\"Renens Rue de Lausanne 37\"\n\t\t\t><\/iframe>\n\t\t<\/div>\n\t\t\t\t\t\t<\/div>\n\t\t\t\t<\/div>\n\t\t\t\t<div class=\"elementor-element elementor-element-47e8b85 elementor-widget elementor-widget-heading\" data-id=\"47e8b85\" data-element_type=\"widget\" data-e-type=\"widget\" data-widget_type=\"heading.default\">\n\t\t\t\t<div class=\"elementor-widget-container\">\n\t\t\t\t\t<h2 class=\"elementor-heading-title elementor-size-default\">Vide-Grenier<\/h2>\t\t\t\t<\/div>\n\t\t\t\t<\/div>\n\t\t\t\t<div class=\"elementor-element elementor-element-12b676d elementor-widget elementor-widget-text-editor\" data-id=\"12b676d\" data-element_type=\"widget\" data-e-type=\"widget\" data-widget_type=\"text-editor.default\">\n\t\t\t\t<div class=\"elementor-widget-container\">\n\t\t\t\t\t\t\t\t\t<p>La partie Vide-Grenier est g\u00e9r\u00e9e par l&rsquo;\u00e9glise \u00e9vang\u00e9lique de Renens via le site \u00ab\u00a0Bulle d&rsquo;Air Renens\u00a0\u00bb. Vous pouvez louer une table pour Fr.15.- . Vous trouvez les informations sur leur site .\u00a0<\/p>\t\t\t\t\t\t\t\t<\/div>\n\t\t\t\t<\/div>\n\t\t\t\t<div class=\"elementor-element elementor-element-e99c0e5 elementor-button-info elementor-widget elementor-widget-button\" data-id=\"e99c0e5\" data-element_type=\"widget\" data-e-type=\"widget\" data-widget_type=\"button.default\">\n\t\t\t\t<div class=\"elementor-widget-container\">\n\t\t\t\t\t\t\t\t\t<div class=\"elementor-button-wrapper\">\n\t\t\t\t\t<a class=\"elementor-button elementor-button-link elementor-size-sm\" href=\"https:\/\/bulledairrenens.com\/2026\/01\/15\/formulaire-dinscription\/\">\n\t\t\t\t\t\t<span class=\"elementor-button-content-wrapper\">\n\t\t\t\t\t\t\t\t\t<span class=\"elementor-button-text\">Lien Inscription Vide-Grenier<\/span>\n\t\t\t\t\t<\/span>\n\t\t\t\t\t<\/a>\n\t\t\t\t<\/div>\n\t\t\t\t\t\t\t\t<\/div>\n\t\t\t\t<\/div>\n\t\t\t\t<div class=\"elementor-element elementor-element-1fc0c9c elementor-widget elementor-widget-button\" data-id=\"1fc0c9c\" data-element_type=\"widget\" data-e-type=\"widget\" data-widget_type=\"button.default\">\n\t\t\t\t<div class=\"elementor-widget-container\">\n\t\t\t\t\t\t\t\t\t<div class=\"elementor-button-wrapper\">\n\t\t\t\t\t<a class=\"elementor-button elementor-button-link elementor-size-sm\" href=\"https:\/\/bulledairrenens.com\/\">\n\t\t\t\t\t\t<span class=\"elementor-button-content-wrapper\">\n\t\t\t\t\t\t\t\t\t<span class=\"elementor-button-text\">https:\/\/bulledairrenens.com<\/span>\n\t\t\t\t\t<\/span>\n\t\t\t\t\t<\/a>\n\t\t\t\t<\/div>\n\t\t\t\t\t\t\t\t<\/div>\n\t\t\t\t<\/div>\n\t\t\t\t<div class=\"elementor-element elementor-element-b7e9160 elementor-widget elementor-widget-heading\" data-id=\"b7e9160\" data-element_type=\"widget\" data-e-type=\"widget\" data-widget_type=\"heading.default\">\n\t\t\t\t<div class=\"elementor-widget-container\">\n\t\t\t\t\t<h2 class=\"elementor-heading-title elementor-size-default\">Concours de dessin - Cr\u00e9e ton timbre !<\/h2>\t\t\t\t<\/div>\n\t\t\t\t<\/div>\n\t\t\t\t<div class=\"elementor-element elementor-element-5c8c0ed elementor-widget elementor-widget-text-editor\" data-id=\"5c8c0ed\" data-element_type=\"widget\" data-e-type=\"widget\" data-widget_type=\"text-editor.default\">\n\t\t\t\t<div class=\"elementor-widget-container\">\n\t\t\t\t\t\t\t\t\t<p>Et si tu inventais ton propre timbre postal ?<br \/>Laisse parler ton imagination et cr\u00e9e un timbre unique qui raconte une histoire, un message ou une valeur qui te tient \u00e0 c\u0153ur.<\/p><p><span style=\"color: #232b2b; font-family: Rubik, -apple-system, BlinkMacSystemFont, 'Helvetica Neue', Helvetica, sans-serif; font-size: 18px; font-style: normal; font-weight: 400;\">Les dessins seront affich\u00e9s \u00e0 l\u2019expo bourse du 1er mars \u00e0 la salle de spectacles de Renens et les gagnants aussi sur nos r\u00e9seaux sociaux.<\/span><\/p>\t\t\t\t\t\t\t\t<\/div>\n\t\t\t\t<\/div>\n\t\t\t\t<div class=\"elementor-element elementor-element-431474e elementor-widget elementor-widget-button\" data-id=\"431474e\" data-element_type=\"widget\" data-e-type=\"widget\" data-widget_type=\"button.default\">\n\t\t\t\t<div class=\"elementor-widget-container\">\n\t\t\t\t\t\t\t\t\t<div class=\"elementor-button-wrapper\">\n\t\t\t\t\t<a class=\"elementor-button elementor-button-link elementor-size-sm\" href=\"https:\/\/bulledairrenens.com\/2026\/01\/28\/1004\/\">\n\t\t\t\t\t\t<span class=\"elementor-button-content-wrapper\">\n\t\t\t\t\t\t<span class=\"elementor-button-icon\">\n\t\t\t\t<i aria-hidden=\"true\" class=\"far fa-star\"><\/i>\t\t\t<\/span>\n\t\t\t\t\t\t\t\t\t<span class=\"elementor-button-text\">Lien vers le site de Bulle d'Air : Concours de dessin<\/span>\n\t\t\t\t\t<\/span>\n\t\t\t\t\t<\/a>\n\t\t\t\t<\/div>\n\t\t\t\t\t\t\t\t<\/div>\n\t\t\t\t<\/div>\n\t\t\t\t\t<\/div>\n\t\t<\/div>\n\t\t\t\t\t<\/div>\n\t\t<\/section>\n\t\t\t\t<\/div>\n\t\t","protected":false},"excerpt":{"rendered":"<p>Le dimanche 1 mars 2026 a lieu notre 53\u00e8me Expo-Bourse \u00e0 Renens de 9h \u00e0 16h. En m\u00eame temps l&rsquo;\u00e9glise \u00e9vang\u00e9lique organise un Vide-Grenier.&nbsp; La soci\u00e9t\u00e9 invit\u00e9e et la SRC Soci\u00e9t\u00e9 Romande de Cartophilie. L&rsquo;exposition montre donc beaucoup de collections &hellip; <a href=\"https:\/\/spr-renens.ch\/?p=3413\">Continuer la lecture <span class=\"meta-nav\">&rarr;<\/span><\/a><\/p>\n","protected":false},"author":1,"featured_media":1684,"comment_status":"closed","ping_status":"closed","sticky":false,"template":"","format":"standard","meta":{"footnotes":"","_links_to":"","_links_to_target":""},"categories":[25,145,60,11,72,7,20,92,19,58],"tags":[238,15,237],"class_list":["post-3413","post","type-post","status-publish","format-standard","has-post-thumbnail","hentry","category-cartophilie","category-collection-thematique","category-des-lettres-racontent-des-histoires","category-expositions","category-histoire-postale","category-initiation","category-jeunesse","category-philatelie","category-prephilatelie-2","category-renens","tag-bulle-dair","tag-concours-de-dessin","tag-vide-grenier"],"_links":{"self":[{"href":"https:\/\/spr-renens.ch\/index.php?rest_route=\/wp\/v2\/posts\/3413","targetHints":{"allow":["GET"]}}],"collection":[{"href":"https:\/\/spr-renens.ch\/index.php?rest_route=\/wp\/v2\/posts"}],"about":[{"href":"https:\/\/spr-renens.ch\/index.php?rest_route=\/wp\/v2\/types\/post"}],"author":[{"embeddable":true,"href":"https:\/\/spr-renens.ch\/index.php?rest_route=\/wp\/v2\/users\/1"}],"replies":[{"embeddable":true,"href":"https:\/\/spr-renens.ch\/index.php?rest_route=%2Fwp%2Fv2%2Fcomments&post=3413"}],"version-history":[{"count":14,"href":"https:\/\/spr-renens.ch\/index.php?rest_route=\/wp\/v2\/posts\/3413\/revisions"}],"predecessor-version":[{"id":3436,"href":"https:\/\/spr-renens.ch\/index.php?rest_route=\/wp\/v2\/posts\/3413\/revisions\/3436"}],"wp:featuredmedia":[{"embeddable":true,"href":"https:\/\/spr-renens.ch\/index.php?rest_route=\/wp\/v2\/media\/1684"}],"wp:attachment":[{"href":"https:\/\/spr-renens.ch\/index.php?rest_route=%2Fwp%2Fv2%2Fmedia&parent=3413"}],"wp:term":[{"taxonomy":"category","embeddable":true,"href":"https:\/\/spr-renens.ch\/index.php?rest_route=%2Fwp%2Fv2%2Fcategories&post=3413"},{"taxonomy":"post_tag","embeddable":true,"href":"https:\/\/spr-renens.ch\/index.php?rest_route=%2Fwp%2Fv2%2Ftags&post=3413"}],"curies":[{"name":"wp","href":"https:\/\/api.w.org\/{rel}","templated":true}]}}