{"id":3387,"date":"2025-12-26T11:48:39","date_gmt":"2025-12-26T10:48:39","guid":{"rendered":"https:\/\/spr-renens.ch\/?p=3387"},"modified":"2026-04-24T19:51:53","modified_gmt":"2026-04-24T17:51:53","slug":"programme-spr-et-slt-1er-semestre-2026","status":"publish","type":"post","link":"https:\/\/spr-renens.ch\/?p=3387","title":{"rendered":"Programme SPR et SLT 1er semestre 2026"},"content":{"rendered":"\t\t<div data-elementor-type=\"wp-post\" data-elementor-id=\"3387\" class=\"elementor elementor-3387\">\n\t\t\t\t\t\t<section class=\"elementor-section elementor-top-section elementor-element elementor-element-4120824 elementor-section-boxed elementor-section-height-default elementor-section-height-default\" data-id=\"4120824\" data-element_type=\"section\" data-e-type=\"section\">\n\t\t\t\t\t\t<div class=\"elementor-container elementor-column-gap-default\">\n\t\t\t\t\t<div class=\"elementor-column elementor-col-100 elementor-top-column elementor-element elementor-element-9e5fca3\" data-id=\"9e5fca3\" data-element_type=\"column\" data-e-type=\"column\">\n\t\t\t<div class=\"elementor-widget-wrap elementor-element-populated\">\n\t\t\t\t\t\t<div class=\"elementor-element elementor-element-9c626eb elementor-widget elementor-widget-text-editor\" data-id=\"9c626eb\" data-element_type=\"widget\" data-e-type=\"widget\" data-widget_type=\"text-editor.default\">\n\t\t\t\t<div class=\"elementor-widget-container\">\n\t\t\t\t\t\t\t\t\t<p><\/p>\n<table width=\"658\">\n<tbody>\n<tr>\n<td width=\"94\">12.01.2026<\/td>\n<td width=\"74\">lu 19h<\/td>\n<td width=\"56\">SLT<\/td>\n<td width=\"434\">Salle Maillefer &#8211; Soir\u00e9e conviviale et petite vente&nbsp;&nbsp; Rue de Maillefer 121 Lausanne<\/td>\n<\/tr>\n<tr>\n<td>24.01.2026<\/td>\n<td><strong>sa 10h<\/strong><\/td>\n<td><strong>SPR<\/strong><\/td>\n<td width=\"434\">Salle Gloor &#8211; Lots coll. Perotti &#8211; <strong>11h30 ap\u00e9ritif et repas&nbsp;<\/strong> Rue de Crissier 6&nbsp; Renens&nbsp; Rest. Bol d&rsquo;Or<\/td>\n<\/tr>\n<tr>\n<td>02.02.2026<\/td>\n<td>lu 19h30<\/td>\n<td>SLT<\/td>\n<td>Salle Maillefer &#8211; Conf\u00e9rence philat\u00e9lique<\/td>\n<\/tr>\n<tr>\n<td>20.02.2026<\/td>\n<td><strong>ve 19h30<\/strong><\/td>\n<td><strong>SPR<\/strong><\/td>\n<td>Salle Gloor &#8211; R\u00e9union avec conf\u00e9rence \u00ab\u00a0<strong>Vari\u00e9t\u00e9s suisses<\/strong>\u00ab\u00a0<\/td>\n<\/tr>\n<tr>\n<td>28.02.2026<\/td>\n<td><strong>sa 8h30<\/strong><\/td>\n<td><strong>SPR<\/strong><\/td>\n<td>Salle spectacles Renens &#8211; Pr\u00e9paration Expo-Bourse<\/td>\n<\/tr>\n<tr>\n<td width=\"94\"><strong>01.03.2026<\/strong><\/td>\n<td width=\"74\"><strong>di 9h -16h<\/strong><\/td>\n<td width=\"56\"><strong>SPR<\/strong>&nbsp;<\/td>\n<td width=\"434\"><strong>Salle de spectacles Renens &#8211; <a href=\"https:\/\/spr-renens.ch\/?p=3413\" target=\"_blank\" rel=\"noopener\">53\u00e8me Expo-bourse&nbsp;<\/a>&nbsp; Invit\u00e9 d\u2019honneur : Soci\u00e9t\u00e9 Romande de Cartophilie&nbsp;&nbsp;&nbsp; <\/strong><br><strong>Bourse, Exposition, Vide-Grenier. Buvette avec restauration \u00e0 midi, Coin jeunesse, Animations&nbsp;&nbsp; <\/strong><br><strong>Organisation : Soci\u00e9t\u00e9 Philat\u00e9lique de Renens, Soci\u00e9t\u00e9 Lausannoise de Timbrologie&nbsp;&nbsp;<\/strong>&nbsp;<\/td>\n<\/tr>\n<tr>\n<td>14.03.2026<\/td>\n<td>sa 10h<\/td>\n<td>SLT<\/td>\n<td>Salle Maillefer &#8211; Assembl\u00e9e g\u00e9n\u00e9rale&nbsp;<\/td>\n<\/tr>\n<tr>\n<td>20.03.2026<\/td>\n<td><strong>ve 10h<\/strong><\/td>\n<td><strong>SPR<\/strong><\/td>\n<td>Salle Gloor &#8211; Conf\u00e9rence \u00ab\u00a0<strong>Les tramways Lausannois 1896-1964<\/strong>\u00a0\u00bb avec possibilit\u00e9 de manger ensemble<\/td>\n<\/tr>\n<tr>\n<td>13.04.2026<\/td>\n<td>&nbsp;lu 18h30<\/td>\n<td>&nbsp;SLT<\/td>\n<td>&nbsp;Salle Maillefer &#8211; Conf\u00e9rence<\/td>\n<\/tr>\n<tr>\n<td><strong>25.04.2026<\/strong><\/td>\n<td><strong>sa 10h<\/strong><\/td>\n<td><strong>SPR<\/strong><\/td>\n<td><strong>Salle Gloor &#8211; Assembl\u00e9e g\u00e9n\u00e9rale avec repas<\/strong><\/td>\n<\/tr>\n<tr>\n<td>04.05.2026<\/td>\n<td>&nbsp;lu 18h30<\/td>\n<td>&nbsp;SLT<\/td>\n<td>&nbsp;Salle Maillefer -Petite vente et repas au Restaurant Al Dente&nbsp;&nbsp;<\/td>\n<\/tr>\n<tr>\n<td>22.05.2026<\/td>\n<td><strong>ve 19h30<\/strong><\/td>\n<td><strong>SPR<\/strong><\/td>\n<td>Salle Gloor &#8211; R\u00e9union avec conf\u00e9rence<\/td>\n<\/tr>\n<tr>\n<td>&nbsp;01.05.2026<\/td>\n<td>&nbsp;lu<\/td>\n<td>SLT&nbsp;<\/td>\n<td>Salle Maillefer &#8211; conf\u00e9rence&nbsp;<\/td>\n<\/tr>\n<tr>\n<td>19.06.2026<\/td>\n<td><strong>ve 10h<\/strong><\/td>\n<td><strong>SPR<\/strong><\/td>\n<td>Salle Gloor &#8211; Conf\u00e9rence avec possibilit\u00e9 de manger ensemble<\/td>\n<\/tr>\n<tr>\n<td>&nbsp;<\/td>\n<td>&nbsp;<\/td>\n<td>&nbsp;<\/td>\n<td>&nbsp;<\/td>\n<\/tr>\n<tr>\n<td>11.08.2026<\/td>\n<td><strong>ma 8h30<\/strong><\/td>\n<td><strong>SPR<\/strong><\/td>\n<td>Vieux coll\u00e8ge Renens &#8211; Passeport vacances&nbsp;<\/td>\n<\/tr>\n<tr>\n<td>&nbsp;<\/td>\n<td>&nbsp;<\/td>\n<td>&nbsp;<\/td>\n<td>&nbsp;<\/td>\n<\/tr>\n<\/tbody>\n<\/table>\t\t\t\t\t\t\t\t<\/div>\n\t\t\t\t<\/div>\n\t\t\t\t\t<\/div>\n\t\t<\/div>\n\t\t\t\t\t<\/div>\n\t\t<\/section>\n\t\t\t\t<\/div>\n\t\t","protected":false},"excerpt":{"rendered":"<p>12.01.2026 lu 19h SLT Salle Maillefer &#8211; Soir\u00e9e conviviale et petite vente&nbsp;&nbsp; Rue de Maillefer 121 Lausanne 24.01.2026 sa 10h SPR Salle Gloor &#8211; Lots coll. Perotti &#8211; 11h30 ap\u00e9ritif et repas&nbsp; Rue de Crissier 6&nbsp; Renens&nbsp; Rest. Bol d&rsquo;Or &hellip; <a href=\"https:\/\/spr-renens.ch\/?p=3387\">Continuer la lecture <span class=\"meta-nav\">&rarr;<\/span><\/a><\/p>\n","protected":false},"author":1,"featured_media":0,"comment_status":"closed","ping_status":"closed","sticky":true,"template":"","format":"standard","meta":{"footnotes":"","_links_to":"","_links_to_target":""},"categories":[9,25,10,11,72,218,92,19,58],"tags":[],"class_list":["post-3387","post","type-post","status-publish","format-standard","hentry","category-activites","category-cartophilie","category-conferences","category-expositions","category-histoire-postale","category-mise-aux-encheres","category-philatelie","category-prephilatelie-2","category-renens"],"_links":{"self":[{"href":"https:\/\/spr-renens.ch\/index.php?rest_route=\/wp\/v2\/posts\/3387","targetHints":{"allow":["GET"]}}],"collection":[{"href":"https:\/\/spr-renens.ch\/index.php?rest_route=\/wp\/v2\/posts"}],"about":[{"href":"https:\/\/spr-renens.ch\/index.php?rest_route=\/wp\/v2\/types\/post"}],"author":[{"embeddable":true,"href":"https:\/\/spr-renens.ch\/index.php?rest_route=\/wp\/v2\/users\/1"}],"replies":[{"embeddable":true,"href":"https:\/\/spr-renens.ch\/index.php?rest_route=%2Fwp%2Fv2%2Fcomments&post=3387"}],"version-history":[{"count":16,"href":"https:\/\/spr-renens.ch\/index.php?rest_route=\/wp\/v2\/posts\/3387\/revisions"}],"predecessor-version":[{"id":3464,"href":"https:\/\/spr-renens.ch\/index.php?rest_route=\/wp\/v2\/posts\/3387\/revisions\/3464"}],"wp:attachment":[{"href":"https:\/\/spr-renens.ch\/index.php?rest_route=%2Fwp%2Fv2%2Fmedia&parent=3387"}],"wp:term":[{"taxonomy":"category","embeddable":true,"href":"https:\/\/spr-renens.ch\/index.php?rest_route=%2Fwp%2Fv2%2Fcategories&post=3387"},{"taxonomy":"post_tag","embeddable":true,"href":"https:\/\/spr-renens.ch\/index.php?rest_route=%2Fwp%2Fv2%2Ftags&post=3387"}],"curies":[{"name":"wp","href":"https:\/\/api.w.org\/{rel}","templated":true}]}}