{"id":2989,"date":"2023-10-30T10:47:30","date_gmt":"2023-10-30T09:47:30","guid":{"rendered":"https:\/\/spr-renens.ch\/?p=2989"},"modified":"2023-11-09T10:45:36","modified_gmt":"2023-11-09T09:45:36","slug":"slt-vente-aux-encheres-18-novembre-2023","status":"publish","type":"post","link":"https:\/\/spr-renens.ch\/?p=2989","title":{"rendered":"SLT Vente aux ench\u00e8res 18 novembre 2023"},"content":{"rendered":"\t\t<div data-elementor-type=\"wp-post\" data-elementor-id=\"2989\" class=\"elementor elementor-2989\">\n\t\t\t\t\t\t<section class=\"elementor-section elementor-top-section elementor-element elementor-element-6b1a406 elementor-section-boxed elementor-section-height-default elementor-section-height-default\" data-id=\"6b1a406\" data-element_type=\"section\" data-e-type=\"section\">\n\t\t\t\t\t\t<div class=\"elementor-container elementor-column-gap-default\">\n\t\t\t\t\t<div class=\"elementor-column elementor-col-100 elementor-top-column elementor-element elementor-element-cc67df4\" data-id=\"cc67df4\" data-element_type=\"column\" data-e-type=\"column\">\n\t\t\t<div class=\"elementor-widget-wrap elementor-element-populated\">\n\t\t\t\t\t\t<div class=\"elementor-element elementor-element-b0b3703 elementor-widget elementor-widget-text-editor\" data-id=\"b0b3703\" data-element_type=\"widget\" data-e-type=\"widget\" data-widget_type=\"text-editor.default\">\n\t\t\t\t<div class=\"elementor-widget-container\">\n\t\t\t\t\t\t\t\t\t<h5>La Soci\u00e9t\u00e9 Lausannoise de Timbrologie organise le <strong>samedi 18 novembre,<\/strong> d\u00e8s 14h sa traditionnelle vente aux ench\u00e8res d&rsquo;automne. Vous trouvez ci-apr\u00e8s la liste des lots (\u00e0 t\u00e9l\u00e9charger).<\/h5><h5>Local : Cercle Ouvrier Lausannois (Maison du Peuple), <strong>place Chauderon 5 \u00e0 Lausanne<\/strong>, salle Jean-Villars Gilles (niveau -1),\u00a0 entr\u00e9e de l&rsquo;immeuble depuis la place Chauderon.<\/h5>\t\t\t\t\t\t\t\t<\/div>\n\t\t\t\t<\/div>\n\t\t\t\t<div class=\"elementor-element elementor-element-c0d332d elementor-widget elementor-widget-button\" data-id=\"c0d332d\" data-element_type=\"widget\" data-e-type=\"widget\" data-widget_type=\"button.default\">\n\t\t\t\t<div class=\"elementor-widget-container\">\n\t\t\t\t\t\t\t\t\t<div class=\"elementor-button-wrapper\">\n\t\t\t\t\t<a class=\"elementor-button elementor-button-link elementor-size-xl\" href=\"https:\/\/spr-renens.ch\/wp-content\/uploads\/Enchere-SLT-18-nov-2023_20231030_0001.pdf\">\n\t\t\t\t\t\t<span class=\"elementor-button-content-wrapper\">\n\t\t\t\t\t\t\t\t\t<span class=\"elementor-button-text\">Liste des lots<\/span>\n\t\t\t\t\t<\/span>\n\t\t\t\t\t<\/a>\n\t\t\t\t<\/div>\n\t\t\t\t\t\t\t\t<\/div>\n\t\t\t\t<\/div>\n\t\t\t\t<div class=\"elementor-element elementor-element-a76d7bb elementor-widget elementor-widget-button\" data-id=\"a76d7bb\" data-element_type=\"widget\" data-e-type=\"widget\" data-widget_type=\"button.default\">\n\t\t\t\t<div class=\"elementor-widget-container\">\n\t\t\t\t\t\t\t\t\t<div class=\"elementor-button-wrapper\">\n\t\t\t\t\t<a class=\"elementor-button elementor-button-link elementor-size-xl\" href=\"http:\/\/www.philatelie-lausanne.ch\/actualites\/vente_encheres_slt\/GVE23.11_images.pdf\">\n\t\t\t\t\t\t<span class=\"elementor-button-content-wrapper\">\n\t\t\t\t\t\t\t\t\t<span class=\"elementor-button-text\">Illustrations sur le site de la SLT<\/span>\n\t\t\t\t\t<\/span>\n\t\t\t\t\t<\/a>\n\t\t\t\t<\/div>\n\t\t\t\t\t\t\t\t<\/div>\n\t\t\t\t<\/div>\n\t\t\t\t<div class=\"elementor-element elementor-element-1a8b787 elementor-widget elementor-widget-image\" data-id=\"1a8b787\" data-element_type=\"widget\" data-e-type=\"widget\" data-widget_type=\"image.default\">\n\t\t\t\t<div class=\"elementor-widget-container\">\n\t\t\t\t\t\t\t\t\t\t\t\t\t\t\t<img fetchpriority=\"high\" decoding=\"async\" width=\"450\" height=\"312\" src=\"https:\/\/spr-renens.ch\/wp-content\/uploads\/SLT-Bienvenu.jpg\" class=\"attachment-large size-large wp-image-2990\" alt=\"\" srcset=\"https:\/\/spr-renens.ch\/wp-content\/uploads\/SLT-Bienvenu.jpg 450w, https:\/\/spr-renens.ch\/wp-content\/uploads\/SLT-Bienvenu-300x208.jpg 300w, https:\/\/spr-renens.ch\/wp-content\/uploads\/SLT-Bienvenu-433x300.jpg 433w\" sizes=\"(max-width: 450px) 100vw, 450px\" \/>\t\t\t\t\t\t\t\t\t\t\t\t\t\t\t<\/div>\n\t\t\t\t<\/div>\n\t\t\t\t\t<\/div>\n\t\t<\/div>\n\t\t\t\t\t<\/div>\n\t\t<\/section>\n\t\t\t\t<\/div>\n\t\t","protected":false},"excerpt":{"rendered":"<p>La Soci\u00e9t\u00e9 Lausannoise de Timbrologie organise le samedi 18 novembre, d\u00e8s 14h sa traditionnelle vente aux ench\u00e8res d&rsquo;automne. Vous trouvez ci-apr\u00e8s la liste des lots (\u00e0 t\u00e9l\u00e9charger). Local : Cercle Ouvrier Lausannois (Maison du Peuple), place Chauderon 5 \u00e0 Lausanne, &hellip; <a href=\"https:\/\/spr-renens.ch\/?p=2989\">Continuer la lecture <span class=\"meta-nav\">&rarr;<\/span><\/a><\/p>\n","protected":false},"author":1,"featured_media":2990,"comment_status":"closed","ping_status":"closed","sticky":false,"template":"","format":"standard","meta":{"footnotes":"","_links_to":"","_links_to_target":""},"categories":[9,218],"tags":[182,220],"class_list":["post-2989","post","type-post","status-publish","format-standard","has-post-thumbnail","hentry","category-activites","category-mise-aux-encheres","tag-slt-societe-lausannoise-de-timbrologie","tag-vente-aux-encheres"],"_links":{"self":[{"href":"https:\/\/spr-renens.ch\/index.php?rest_route=\/wp\/v2\/posts\/2989","targetHints":{"allow":["GET"]}}],"collection":[{"href":"https:\/\/spr-renens.ch\/index.php?rest_route=\/wp\/v2\/posts"}],"about":[{"href":"https:\/\/spr-renens.ch\/index.php?rest_route=\/wp\/v2\/types\/post"}],"author":[{"embeddable":true,"href":"https:\/\/spr-renens.ch\/index.php?rest_route=\/wp\/v2\/users\/1"}],"replies":[{"embeddable":true,"href":"https:\/\/spr-renens.ch\/index.php?rest_route=%2Fwp%2Fv2%2Fcomments&post=2989"}],"version-history":[{"count":7,"href":"https:\/\/spr-renens.ch\/index.php?rest_route=\/wp\/v2\/posts\/2989\/revisions"}],"predecessor-version":[{"id":3007,"href":"https:\/\/spr-renens.ch\/index.php?rest_route=\/wp\/v2\/posts\/2989\/revisions\/3007"}],"wp:featuredmedia":[{"embeddable":true,"href":"https:\/\/spr-renens.ch\/index.php?rest_route=\/wp\/v2\/media\/2990"}],"wp:attachment":[{"href":"https:\/\/spr-renens.ch\/index.php?rest_route=%2Fwp%2Fv2%2Fmedia&parent=2989"}],"wp:term":[{"taxonomy":"category","embeddable":true,"href":"https:\/\/spr-renens.ch\/index.php?rest_route=%2Fwp%2Fv2%2Fcategories&post=2989"},{"taxonomy":"post_tag","embeddable":true,"href":"https:\/\/spr-renens.ch\/index.php?rest_route=%2Fwp%2Fv2%2Ftags&post=2989"}],"curies":[{"name":"wp","href":"https:\/\/api.w.org\/{rel}","templated":true}]}}